{"id":220793,"date":"2020-09-12T14:33:53","date_gmt":"2020-09-12T11:33:53","guid":{"rendered":"http:\/\/www.riittakeurulainen.fi\/?p=220793"},"modified":"2020-09-12T14:49:06","modified_gmt":"2020-09-12T11:49:06","slug":"oma-seina-gumbostrand-konst-formin-taidegalleriassa-4-9-2020-alkaen","status":"publish","type":"post","link":"http:\/\/www.riittakeurulainen.fi\/?p=220793","title":{"rendered":"Oma sein\u00e4 Gumbostrand Konst &#038; Formin taidegalleriassa 4.9.2020 alkaen"},"content":{"rendered":"\n<p>T\u00e4ll\u00e4 hetkell\u00e4 teoksiani on esill\u00e4 Gumbostrand Konst &amp; Formin taidegalleriassa<\/p>\n\n\n\n<p>4.9.2020 alkaen syysn\u00e4yttelyn ohessa.<\/p>\n\n\n<p><span style=\"color: #ffffff;\">_<\/span><\/p>\n\n\n<p>Teokset voi lunastaa heti mukaan. <\/p>\n\n\n<p><span style=\"color: #ffffff;\">_<\/span><\/p>\n\n\n<p class=\"has-vivid-cyan-blue-color has-text-color\"><a href=\"https:konstoform.fi\">https:konstoform.fi<\/a><\/p>\n\n\n<p><span style=\"color: #ffffff;\">_<\/span><\/p>","protected":false},"excerpt":{"rendered":"<p>T\u00e4ll\u00e4 hetkell\u00e4 teoksiani on esill\u00e4 Gumbostrand Konst &amp; Formin taidegalleriassa 4.9.2020 alkaen syysn\u00e4yttelyn ohessa. _ Teokset voi lunastaa heti mukaan. _ https:konstoform.fi _<\/p>\n","protected":false},"author":1,"featured_media":0,"comment_status":"open","ping_status":"open","sticky":false,"template":"","format":"standard","meta":{"ngg_post_thumbnail":0},"categories":[1],"tags":[],"_links":{"self":[{"href":"http:\/\/www.riittakeurulainen.fi\/index.php?rest_route=\/wp\/v2\/posts\/220793"}],"collection":[{"href":"http:\/\/www.riittakeurulainen.fi\/index.php?rest_route=\/wp\/v2\/posts"}],"about":[{"href":"http:\/\/www.riittakeurulainen.fi\/index.php?rest_route=\/wp\/v2\/types\/post"}],"author":[{"embeddable":true,"href":"http:\/\/www.riittakeurulainen.fi\/index.php?rest_route=\/wp\/v2\/users\/1"}],"replies":[{"embeddable":true,"href":"http:\/\/www.riittakeurulainen.fi\/index.php?rest_route=%2Fwp%2Fv2%2Fcomments&post=220793"}],"version-history":[{"count":11,"href":"http:\/\/www.riittakeurulainen.fi\/index.php?rest_route=\/wp\/v2\/posts\/220793\/revisions"}],"predecessor-version":[{"id":220812,"href":"http:\/\/www.riittakeurulainen.fi\/index.php?rest_route=\/wp\/v2\/posts\/220793\/revisions\/220812"}],"wp:attachment":[{"href":"http:\/\/www.riittakeurulainen.fi\/index.php?rest_route=%2Fwp%2Fv2%2Fmedia&parent=220793"}],"wp:term":[{"taxonomy":"category","embeddable":true,"href":"http:\/\/www.riittakeurulainen.fi\/index.php?rest_route=%2Fwp%2Fv2%2Fcategories&post=220793"},{"taxonomy":"post_tag","embeddable":true,"href":"http:\/\/www.riittakeurulainen.fi\/index.php?rest_route=%2Fwp%2Fv2%2Ftags&post=220793"}],"curies":[{"name":"wp","href":"https:\/\/api.w.org\/{rel}","templated":true}]}}