{"id":220836,"date":"2021-06-02T14:09:11","date_gmt":"2021-06-02T11:09:11","guid":{"rendered":"http:\/\/www.riittakeurulainen.fi\/?p=220836"},"modified":"2021-06-02T14:20:09","modified_gmt":"2021-06-02T11:20:09","slug":"ryhmanayttely-2-6-20-6-2021-galleria-mabd-oulu","status":"publish","type":"post","link":"http:\/\/www.riittakeurulainen.fi\/?p=220836","title":{"rendered":"Ryhm\u00e4n\u00e4yttely 2.6 &#8211; 20.6.2021, Galleria MABD, Oulu"},"content":{"rendered":"\n<p>Olen mukana viiden taiteilijan ryhm\u00e4n\u00e4yttelyss\u00e4 Oulussa Galleria MABD&#8217;in uusissa, upeissa tiloissa. <\/p>\n\n\n\n<p><br><\/p>\n<p>Tervetuloa!<\/p>\n<p><br><\/p>\n\n\n\n<p><strong>Galleria MABD<\/strong><\/p>\n\n\n\n<p>Hanna Manninen, galleristi <\/p>\n\n\n\n<p>Torikatu 4<\/p>\n\n\n\n<p>90100 Oulu<\/p>\n\n\n\n<p>p. 040 1780980<\/p>\n\n\n\n<p>Avoinna ke-pe klo 13-18, la-su klo 12-16<\/p>\n\n\n\n<p><\/p>\n\n\n\n<p><\/p>\n\n\n\n<p><\/p>\n\n\n\n<p><br><\/p>\n\n\n\n\n<p><\/p>\n\n\n\n<p><\/p>\n\n\n\n<p><\/p>\n\n\n\n<p><br><\/p>\n<p class=\"has-text-color\" style=\"color:#3366ff\"><a href=\"https:\/\/mabd.fi\/nayttely\/kesakuun-ryhmanayttely\/\">https:\/\/mabd.fi\/nayttely\/kesakuun-ryhmanayttely\/<\/a><\/p>\n<p><br><\/p>\n\n\n\n\n<figure class=\"wp-block-image\"><img src=\"http:\/\/www.riittakeurulainen.fi\/wp-content\/uploads\/2021\/06\/Galleria MABD_kesakuu2021.png\" alt=\"\" class=\"wp-image-82405\"><\/figure>\n<p><br><\/p>\n<p><br><\/p>\n<p><br><\/p>\n","protected":false},"excerpt":{"rendered":"<p>Olen mukana viiden taiteilijan ryhm\u00e4n\u00e4yttelyss\u00e4 Oulussa Galleria MABD&#8217;in uusissa, upeissa tiloissa. Tervetuloa! Galleria MABD Hanna Manninen, galleristi Torikatu 4 90100 Oulu p. 040 1780980 Avoinna ke-pe klo 13-18, la-su klo 12-16 https:\/\/mabd.fi\/nayttely\/kesakuun-ryhmanayttely\/<\/p>\n","protected":false},"author":1,"featured_media":0,"comment_status":"open","ping_status":"open","sticky":false,"template":"","format":"standard","meta":{"ngg_post_thumbnail":0},"categories":[1],"tags":[],"_links":{"self":[{"href":"http:\/\/www.riittakeurulainen.fi\/index.php?rest_route=\/wp\/v2\/posts\/220836"}],"collection":[{"href":"http:\/\/www.riittakeurulainen.fi\/index.php?rest_route=\/wp\/v2\/posts"}],"about":[{"href":"http:\/\/www.riittakeurulainen.fi\/index.php?rest_route=\/wp\/v2\/types\/post"}],"author":[{"embeddable":true,"href":"http:\/\/www.riittakeurulainen.fi\/index.php?rest_route=\/wp\/v2\/users\/1"}],"replies":[{"embeddable":true,"href":"http:\/\/www.riittakeurulainen.fi\/index.php?rest_route=%2Fwp%2Fv2%2Fcomments&post=220836"}],"version-history":[{"count":40,"href":"http:\/\/www.riittakeurulainen.fi\/index.php?rest_route=\/wp\/v2\/posts\/220836\/revisions"}],"predecessor-version":[{"id":220891,"href":"http:\/\/www.riittakeurulainen.fi\/index.php?rest_route=\/wp\/v2\/posts\/220836\/revisions\/220891"}],"wp:attachment":[{"href":"http:\/\/www.riittakeurulainen.fi\/index.php?rest_route=%2Fwp%2Fv2%2Fmedia&parent=220836"}],"wp:term":[{"taxonomy":"category","embeddable":true,"href":"http:\/\/www.riittakeurulainen.fi\/index.php?rest_route=%2Fwp%2Fv2%2Fcategories&post=220836"},{"taxonomy":"post_tag","embeddable":true,"href":"http:\/\/www.riittakeurulainen.fi\/index.php?rest_route=%2Fwp%2Fv2%2Ftags&post=220836"}],"curies":[{"name":"wp","href":"https:\/\/api.w.org\/{rel}","templated":true}]}}