{"id":545,"date":"2015-08-01T12:27:21","date_gmt":"2015-08-01T09:27:21","guid":{"rendered":"http:\/\/www.riittakeurulainen.fi\/?p=545"},"modified":"2019-04-06T17:16:43","modified_gmt":"2019-04-06T14:16:43","slug":"nayttely-jatkuu-29-8-saakka","status":"publish","type":"post","link":"http:\/\/www.riittakeurulainen.fi\/?p=545","title":{"rendered":"Kes\u00e4n\u00e4yttely Inkoossa jatkuu 29.8. asti!"},"content":{"rendered":"<p>Nuorten taiteilijoiden kes\u00e4n\u00e4yttely on sek\u00e4 i\u00e4lt\u00e4\u00e4n nuorten ett\u00e4 my\u00f6s urallaan nuorten taiteilioiden (kuten min\u00e4) n\u00e4yttely. Ilokseni sain avajaisissa todeta, ett\u00e4 esille mahtui enn\u00e4tysm\u00e4\u00e4r\u00e4 teoksiani eli 10 kappaletta!<br>&#8221;Huituloiden&#8221; lis\u00e4ksi olen tehnyt &#8221;Lyhtykoisoja&#8221;, joista yksi on suurin t\u00e4h\u00e4n asti tekemist\u00e4ni teoksista (120cm x 91cm).<br>Tervetuloa n\u00e4yttelyyn Strandin kauppakeskukseen Galleria Uusitaloon Inkoossa!<br>N\u00e4yttely avoinna 25.5. &#8211; 29.8.2015<\/p>\n<p>&nbsp;<\/p>\n<p>Osoite: Rantatie 3, Inkoo<\/p>\n<p>Aukioloajat: ma\u2013pe klo 12\u201318, la 11\u201315, su suljettu<\/p>\n<p>Galleria Uusitalo puh. 040 5475379<\/p>\n<p><span style=\"text-decoration: underline;\"><span style=\"color: #3366ff; text-decoration: underline;\"><a href=\"http:\/\/www.riittakeurulainen.fi\/wp-content\/gallery\/Uusitalo-25.5-8.8.2015.pdf\"><span style=\"color: #3366ff; text-decoration: underline;\">Katso n\u00e4yttelykutsu t\u00e4st\u00e4<\/span><\/a><\/span><\/span><\/p>\n<p>&nbsp;<\/p>\n\n\n<p><\/p>\n","protected":false},"excerpt":{"rendered":"<p>Nuorten taiteilijoiden kes\u00e4n\u00e4yttely on sek\u00e4 i\u00e4lt\u00e4\u00e4n nuorten ett\u00e4 my\u00f6s urallaan nuorten taiteilioiden (kuten min\u00e4) n\u00e4yttely. Ilokseni sain avajaisissa todeta, ett\u00e4 esille mahtui enn\u00e4tysm\u00e4\u00e4r\u00e4 teoksiani eli 10 kappaletta!&#8221;Huituloiden&#8221; lis\u00e4ksi olen tehnyt &#8221;Lyhtykoisoja&#8221;, joista yksi on suurin t\u00e4h\u00e4n asti tekemist\u00e4ni teoksista (120cm x 91cm).Tervetuloa n\u00e4yttelyyn Strandin kauppakeskukseen Galleria Uusitaloon Inkoossa!N\u00e4yttely avoinna 25.5. &#8211; 29.8.2015 &nbsp; Osoite: Rantatie [&hellip;]<\/p>\n","protected":false},"author":1,"featured_media":0,"comment_status":"open","ping_status":"open","sticky":false,"template":"","format":"standard","meta":{"ngg_post_thumbnail":0},"categories":[1],"tags":[],"_links":{"self":[{"href":"http:\/\/www.riittakeurulainen.fi\/index.php?rest_route=\/wp\/v2\/posts\/545"}],"collection":[{"href":"http:\/\/www.riittakeurulainen.fi\/index.php?rest_route=\/wp\/v2\/posts"}],"about":[{"href":"http:\/\/www.riittakeurulainen.fi\/index.php?rest_route=\/wp\/v2\/types\/post"}],"author":[{"embeddable":true,"href":"http:\/\/www.riittakeurulainen.fi\/index.php?rest_route=\/wp\/v2\/users\/1"}],"replies":[{"embeddable":true,"href":"http:\/\/www.riittakeurulainen.fi\/index.php?rest_route=%2Fwp%2Fv2%2Fcomments&post=545"}],"version-history":[{"count":4,"href":"http:\/\/www.riittakeurulainen.fi\/index.php?rest_route=\/wp\/v2\/posts\/545\/revisions"}],"predecessor-version":[{"id":73549,"href":"http:\/\/www.riittakeurulainen.fi\/index.php?rest_route=\/wp\/v2\/posts\/545\/revisions\/73549"}],"wp:attachment":[{"href":"http:\/\/www.riittakeurulainen.fi\/index.php?rest_route=%2Fwp%2Fv2%2Fmedia&parent=545"}],"wp:term":[{"taxonomy":"category","embeddable":true,"href":"http:\/\/www.riittakeurulainen.fi\/index.php?rest_route=%2Fwp%2Fv2%2Fcategories&post=545"},{"taxonomy":"post_tag","embeddable":true,"href":"http:\/\/www.riittakeurulainen.fi\/index.php?rest_route=%2Fwp%2Fv2%2Ftags&post=545"}],"curies":[{"name":"wp","href":"https:\/\/api.w.org\/{rel}","templated":true}]}}