{"id":672,"date":"2016-04-17T19:29:11","date_gmt":"2016-04-17T16:29:11","guid":{"rendered":"http:\/\/www.riittakeurulainen.fi\/?p=672"},"modified":"2022-10-25T11:29:09","modified_gmt":"2022-10-25T08:29:09","slug":"video","status":"publish","type":"post","link":"http:\/\/www.riittakeurulainen.fi\/?p=672","title":{"rendered":"Muotokuvatilausty\u00f6n tekeminen"},"content":{"rendered":"<p>Tilausty\u00f6 valmistunut!<\/p>\n<p>Iltalehdess\u00e4 aikaisemmin julkaistu valokuva Amandasta oli l\u00e4ht\u00f6kohtana t\u00e4ss\u00e4 tilausty\u00f6ss\u00e4. Erikoista t\u00e4ss\u00e4 projektissa oli se, ett\u00e4 en ollut tavannut Amandaa liven\u00e4, vaan k\u00e4ytin valokuvaa&nbsp; referenssin\u00e4.<\/p>\n<p>Amanda n\u00e4ki taulun ensimm\u00e4ist\u00e4 kertaa 17.5.2016 kun Iltalehti teki taulusta jutun.<\/p>\n<p>Linkki Iltalehden artikkeliin:<\/p>\n<p><span style=\"color: #0000ff;\"><a style=\"color: #0000ff;\" href=\"http:\/\/www.iltalehti.fi\/viihde\/2016051721580407_vi.shtml\">Avaa linkki Iltalehden artikkeliin t\u00e4st\u00e4.<\/a><\/span><\/p>\n<p><img loading=\"lazy\" class=\"aligncenter wp-image-826 size-full\" src=\"http:\/\/www.riittakeurulainen.fi\/wp-content\/uploads\/2016\/05\/juttu1amanda175Jh_vi.jpg\" alt=\"juttu1amanda175Jh_vi\" width=\"1024\" height=\"663\" srcset=\"http:\/\/www.riittakeurulainen.fi\/wp-content\/uploads\/2016\/05\/juttu1amanda175Jh_vi.jpg 1024w, http:\/\/www.riittakeurulainen.fi\/wp-content\/uploads\/2016\/05\/juttu1amanda175Jh_vi-150x97.jpg 150w, http:\/\/www.riittakeurulainen.fi\/wp-content\/uploads\/2016\/05\/juttu1amanda175Jh_vi-300x194.jpg 300w, http:\/\/www.riittakeurulainen.fi\/wp-content\/uploads\/2016\/05\/juttu1amanda175Jh_vi-768x497.jpg 768w\" sizes=\"(max-width: 1024px) 100vw, 1024px\" \/><\/p>\n<p>&nbsp;<\/p>\n<p>Muotokuvan maalaamisesta tehty video:<br \/>\n<iframe loading=\"lazy\" title=\"painting Amanda\" width=\"474\" height=\"267\" src=\"https:\/\/www.youtube.com\/embed\/5Vu3BkdADDQ?feature=oembed\" frameborder=\"0\" allow=\"accelerometer; autoplay; clipboard-write; encrypted-media; gyroscope; picture-in-picture\" allowfullscreen><\/iframe><\/p>\n<p>&nbsp;<\/p>\n<p><span style=\"text-decoration: underline;\"><span style=\"color: #3366ff; text-decoration: underline;\"><a href=\"https:\/\/www.youtube.com\/watch?v=5Vu3BkdADDQ\"><span style=\"color: #3366ff; text-decoration: underline;\">YouTube -linkki.<br \/>\n<\/span><\/a><\/span><\/span><\/p>\n<p>&nbsp;<\/p>\n<p>&nbsp;<\/p>\n<p>&nbsp;<\/p>\n<p>&nbsp;<\/p>\n","protected":false},"excerpt":{"rendered":"<p>Tilausty\u00f6 valmistunut! Iltalehdess\u00e4 aikaisemmin julkaistu valokuva Amandasta oli l\u00e4ht\u00f6kohtana t\u00e4ss\u00e4 tilausty\u00f6ss\u00e4. Erikoista t\u00e4ss\u00e4 projektissa oli se, ett\u00e4 en ollut tavannut Amandaa liven\u00e4, vaan k\u00e4ytin valokuvaa&nbsp; referenssin\u00e4. Amanda n\u00e4ki taulun ensimm\u00e4ist\u00e4 kertaa 17.5.2016 kun Iltalehti teki taulusta jutun. Linkki Iltalehden artikkeliin: Avaa linkki Iltalehden artikkeliin t\u00e4st\u00e4. &nbsp; Muotokuvan maalaamisesta tehty video: &nbsp; YouTube -linkki. &nbsp; &nbsp; [&hellip;]<\/p>\n","protected":false},"author":1,"featured_media":0,"comment_status":"open","ping_status":"open","sticky":false,"template":"","format":"standard","meta":{"ngg_post_thumbnail":0},"categories":[1],"tags":[],"_links":{"self":[{"href":"http:\/\/www.riittakeurulainen.fi\/index.php?rest_route=\/wp\/v2\/posts\/672"}],"collection":[{"href":"http:\/\/www.riittakeurulainen.fi\/index.php?rest_route=\/wp\/v2\/posts"}],"about":[{"href":"http:\/\/www.riittakeurulainen.fi\/index.php?rest_route=\/wp\/v2\/types\/post"}],"author":[{"embeddable":true,"href":"http:\/\/www.riittakeurulainen.fi\/index.php?rest_route=\/wp\/v2\/users\/1"}],"replies":[{"embeddable":true,"href":"http:\/\/www.riittakeurulainen.fi\/index.php?rest_route=%2Fwp%2Fv2%2Fcomments&post=672"}],"version-history":[{"count":76,"href":"http:\/\/www.riittakeurulainen.fi\/index.php?rest_route=\/wp\/v2\/posts\/672\/revisions"}],"predecessor-version":[{"id":220953,"href":"http:\/\/www.riittakeurulainen.fi\/index.php?rest_route=\/wp\/v2\/posts\/672\/revisions\/220953"}],"wp:attachment":[{"href":"http:\/\/www.riittakeurulainen.fi\/index.php?rest_route=%2Fwp%2Fv2%2Fmedia&parent=672"}],"wp:term":[{"taxonomy":"category","embeddable":true,"href":"http:\/\/www.riittakeurulainen.fi\/index.php?rest_route=%2Fwp%2Fv2%2Fcategories&post=672"},{"taxonomy":"post_tag","embeddable":true,"href":"http:\/\/www.riittakeurulainen.fi\/index.php?rest_route=%2Fwp%2Fv2%2Ftags&post=672"}],"curies":[{"name":"wp","href":"https:\/\/api.w.org\/{rel}","templated":true}]}}