{"id":73655,"date":"2019-04-06T18:58:54","date_gmt":"2019-04-06T15:58:54","guid":{"rendered":"http:\/\/www.riittakeurulainen.fi\/?p=73655"},"modified":"2019-04-06T19:01:25","modified_gmt":"2019-04-06T16:01:25","slug":"taideoulu-taidekaupassa-teoksia","status":"publish","type":"post","link":"http:\/\/www.riittakeurulainen.fi\/?p=73655","title":{"rendered":"TaideOulu -taidekaupassa teoksia"},"content":{"rendered":"\n<p>Galleria Kajasteen Oulun Asemakadun taidekaupassa on kaksi teostani. Ne matkasivat sinne huhtikuun alussa ja antavat esimakua n\u00e4yttelyst\u00e4ni Oulun Kajaaninkadun &#8221;<strong>Hiljaiselosta kohti uutta<\/strong>&#8221; -n\u00e4yttelyst\u00e4 24.4.\u201312.5.2019<\/p>\n\n\n\n<p><\/p>\n\n\n\n<!-- default-view.php -->\n<div\n\tclass=\"ngg-galleryoverview default-view  ngg-ajax-pagination-none\"\n\tid=\"ngg-gallery-6b4c0403cf878f7ff90d569cfbdd9a13-1\">\n\n\t\t<!-- Thumbnails -->\n\t\t\t\t<div id=\"ngg-image-0\" class=\"ngg-gallery-thumbnail-box ngg-3-columns\" >\n\t\t\t\t        <div class=\"ngg-gallery-thumbnail\">\n            <a href=\"http:\/\/www.riittakeurulainen.fi\/wp-content\/gallery\/TaideOulu\/Tuulen_viemaa_II_72dpi.jpg\"\n               title=\"&lt;strong&gt;Tuulen viem\u00e4\u00e4 II,&lt;\/strong&gt; 40 x 50 cm, \u00f6ljy ja kylm\u00e4vaha mdf-levylle, 2017\"\n               data-src=\"http:\/\/www.riittakeurulainen.fi\/wp-content\/gallery\/TaideOulu\/Tuulen_viemaa_II_72dpi.jpg\"\n               data-thumbnail=\"http:\/\/www.riittakeurulainen.fi\/wp-content\/gallery\/TaideOulu\/thumbs\/thumbs_Tuulen_viemaa_II_72dpi.jpg\"\n               data-image-id=\"251\"\n               data-title=\"Tuulen viem\u00e4\u00e4 II\"\n               data-description=\"&lt;strong&gt;Tuulen viem\u00e4\u00e4 II,&lt;\/strong&gt; 40 x 50 cm, \u00f6ljy ja kylm\u00e4vaha mdf-levylle, 2017\"\n               data-image-slug=\"tuulen_viemaa_ii_72dpi\"\n               class=\"ngg-fancybox\" rel=\"6b4c0403cf878f7ff90d569cfbdd9a13\">\n                <img\n                    title=\"Tuulen viem\u00e4\u00e4 II\"\n                    alt=\"Tuulen viem\u00e4\u00e4 II\"\n                    src=\"http:\/\/www.riittakeurulainen.fi\/wp-content\/gallery\/TaideOulu\/cache\/Tuulen_viemaa_II_72dpi.jpg-nggid03251-ngg0dyn-200x200x100-00f0w010c011r110f110r010t010.jpg\"\n                    width=\"200\"\n                    height=\"200\"\n                    style=\"max-width:100%;\"\n                \/>\n            <\/a>\n        <\/div>\n\t\t\t\t\t\t\t<\/div> \n\t\t\t\n\t\t\t\t<div id=\"ngg-image-1\" class=\"ngg-gallery-thumbnail-box ngg-3-columns\" >\n\t\t\t\t        <div class=\"ngg-gallery-thumbnail\">\n            <a href=\"http:\/\/www.riittakeurulainen.fi\/wp-content\/gallery\/TaideOulu\/Lyhtykoiso_trio_72dpi.jpg\"\n               title=\"&lt;strong&gt;Lyhtykoiso trio,&lt;\/strong&gt; 40 x 50 cm, \u00f6ljy ja kylm\u00e4vaha mdf-levylle, 2017\"\n               data-src=\"http:\/\/www.riittakeurulainen.fi\/wp-content\/gallery\/TaideOulu\/Lyhtykoiso_trio_72dpi.jpg\"\n               data-thumbnail=\"http:\/\/www.riittakeurulainen.fi\/wp-content\/gallery\/TaideOulu\/thumbs\/thumbs_Lyhtykoiso_trio_72dpi.jpg\"\n               data-image-id=\"250\"\n               data-title=\"Lyhtykoiso trio\"\n               data-description=\"&lt;strong&gt;Lyhtykoiso trio,&lt;\/strong&gt; 40 x 50 cm, \u00f6ljy ja kylm\u00e4vaha mdf-levylle, 2017\"\n               data-image-slug=\"lyhtykoiso_trio_72dpi\"\n               class=\"ngg-fancybox\" rel=\"6b4c0403cf878f7ff90d569cfbdd9a13\">\n                <img\n                    title=\"Lyhtykoiso trio\"\n                    alt=\"Lyhtykoiso trio\"\n                    src=\"http:\/\/www.riittakeurulainen.fi\/wp-content\/gallery\/TaideOulu\/cache\/Lyhtykoiso_trio_72dpi.jpg-nggid03250-ngg0dyn-200x200x100-00f0w010c011r110f110r010t010.jpg\"\n                    width=\"200\"\n                    height=\"200\"\n                    style=\"max-width:100%;\"\n                \/>\n            <\/a>\n        <\/div>\n\t\t\t\t\t\t\t<\/div> \n\t\t\t\n\t\n\t<br style=\"clear: both\" \/>\n\n\t\n\t\t<!-- Pagination -->\n\t<div class='ngg-clear'><\/div>\t<\/div>\n\n\n\n\n<p><br><\/p>\n","protected":false},"excerpt":{"rendered":"<p>Galleria Kajasteen Oulun Asemakadun taidekaupassa on kaksi teostani. Ne matkasivat sinne huhtikuun alussa ja antavat esimakua n\u00e4yttelyst\u00e4ni Oulun Kajaaninkadun &#8221;Hiljaiselosta kohti uutta&#8221; -n\u00e4yttelyst\u00e4 24.4.\u201312.5.2019<\/p>\n","protected":false},"author":1,"featured_media":0,"comment_status":"open","ping_status":"open","sticky":false,"template":"","format":"standard","meta":{"ngg_post_thumbnail":0},"categories":[1],"tags":[],"_links":{"self":[{"href":"http:\/\/www.riittakeurulainen.fi\/index.php?rest_route=\/wp\/v2\/posts\/73655"}],"collection":[{"href":"http:\/\/www.riittakeurulainen.fi\/index.php?rest_route=\/wp\/v2\/posts"}],"about":[{"href":"http:\/\/www.riittakeurulainen.fi\/index.php?rest_route=\/wp\/v2\/types\/post"}],"author":[{"embeddable":true,"href":"http:\/\/www.riittakeurulainen.fi\/index.php?rest_route=\/wp\/v2\/users\/1"}],"replies":[{"embeddable":true,"href":"http:\/\/www.riittakeurulainen.fi\/index.php?rest_route=%2Fwp%2Fv2%2Fcomments&post=73655"}],"version-history":[{"count":9,"href":"http:\/\/www.riittakeurulainen.fi\/index.php?rest_route=\/wp\/v2\/posts\/73655\/revisions"}],"predecessor-version":[{"id":74075,"href":"http:\/\/www.riittakeurulainen.fi\/index.php?rest_route=\/wp\/v2\/posts\/73655\/revisions\/74075"}],"wp:attachment":[{"href":"http:\/\/www.riittakeurulainen.fi\/index.php?rest_route=%2Fwp%2Fv2%2Fmedia&parent=73655"}],"wp:term":[{"taxonomy":"category","embeddable":true,"href":"http:\/\/www.riittakeurulainen.fi\/index.php?rest_route=%2Fwp%2Fv2%2Fcategories&post=73655"},{"taxonomy":"post_tag","embeddable":true,"href":"http:\/\/www.riittakeurulainen.fi\/index.php?rest_route=%2Fwp%2Fv2%2Ftags&post=73655"}],"curies":[{"name":"wp","href":"https:\/\/api.w.org\/{rel}","templated":true}]}}