{"id":73694,"date":"2019-04-06T19:19:56","date_gmt":"2019-04-06T16:19:56","guid":{"rendered":"http:\/\/www.riittakeurulainen.fi\/?p=73694"},"modified":"2019-04-22T14:11:17","modified_gmt":"2019-04-22T11:11:17","slug":"hiljaiselosta-kohti-uutta-nayttely-galleria-kajaste-kajaaninkatu-oulu-24-4-12-5-2019","status":"publish","type":"post","link":"http:\/\/www.riittakeurulainen.fi\/?p=73694","title":{"rendered":"Hiljaiselosta kohti uutta -n\u00e4yttely, Galleria Kajaste Kajaaninkatu, Oulu 24.4.- 12.5.2019"},"content":{"rendered":"\n<p class=\"has-text-color has-very-dark-gray-color\">Yksityisn\u00e4yttely Oulussa! Yhteisty\u00f6 Galleria Kajasteen kanssa jatkuu ja Helsingin marraskuinen Hiljaiseloa -n\u00e4yttely saa jatkoa kev\u00e4isess\u00e4 Oulussa. Galleria Kajasteen Asemakadun taidekaupassa on lis\u00e4ksi <a href=\"http:\/\/www.riittakeurulainen.fi\/?p=73655\">kaksi teostani<\/a>, joten olen todella iloinen n\u00e4ist\u00e4 tapahtumista.<\/p>\n\n\n\n<p><br><\/p>\n\n\n\n<p>Tervetuloa!<\/p>\n\n\n\n<p><\/p>\n\n\n\n<p><\/p>\n\n\n\n<p style=\"color:#ffffff\" class=\"has-text-color\"><br><\/p>\n\n\n\n<p><strong>Galleria Kajaste Kajaaninkatu<\/strong><br>Kajaaninkatu 25<br>90100 Oulu<\/p>\n\n\n\n<p>Avoinna ke-pe klo 13 &#8211; 18, la-su klo 12-16<\/p>\n\n\n\n<p><br><\/p>\n\n\n\n<p style=\"color:#3366ff\" class=\"has-text-color\"><a href=\"http:\/\/www.galleriakajaste.fi\/galleria\/riitta-keurulainen\/\">www.galleriakajaste.fi<\/a><\/p>\n\n\n\n<figure class=\"wp-block-image\"><img loading=\"lazy\" width=\"632\" height=\"895\" src=\"http:\/\/www.riittakeurulainen.fi\/wp-content\/uploads\/2019\/04\/Hiljaiselosta-kohti-uutta.jpg\" alt=\"\" class=\"wp-image-82405\" srcset=\"http:\/\/www.riittakeurulainen.fi\/wp-content\/uploads\/2019\/04\/Hiljaiselosta-kohti-uutta.jpg 632w, http:\/\/www.riittakeurulainen.fi\/wp-content\/uploads\/2019\/04\/Hiljaiselosta-kohti-uutta-106x150.jpg 106w, http:\/\/www.riittakeurulainen.fi\/wp-content\/uploads\/2019\/04\/Hiljaiselosta-kohti-uutta-212x300.jpg 212w\" sizes=\"(max-width: 632px) 100vw, 632px\" \/><\/figure>\n","protected":false},"excerpt":{"rendered":"<p>Yksityisn\u00e4yttely Oulussa! Yhteisty\u00f6 Galleria Kajasteen kanssa jatkuu ja Helsingin marraskuinen Hiljaiseloa -n\u00e4yttely saa jatkoa kev\u00e4isess\u00e4 Oulussa. Galleria Kajasteen Asemakadun taidekaupassa on lis\u00e4ksi kaksi teostani, joten olen todella iloinen n\u00e4ist\u00e4 tapahtumista. Tervetuloa! Galleria Kajaste KajaaninkatuKajaaninkatu 2590100 Oulu Avoinna ke-pe klo 13 &#8211; 18, la-su klo 12-16 www.galleriakajaste.fi<\/p>\n","protected":false},"author":1,"featured_media":0,"comment_status":"open","ping_status":"open","sticky":false,"template":"","format":"standard","meta":{"ngg_post_thumbnail":0},"categories":[1],"tags":[],"_links":{"self":[{"href":"http:\/\/www.riittakeurulainen.fi\/index.php?rest_route=\/wp\/v2\/posts\/73694"}],"collection":[{"href":"http:\/\/www.riittakeurulainen.fi\/index.php?rest_route=\/wp\/v2\/posts"}],"about":[{"href":"http:\/\/www.riittakeurulainen.fi\/index.php?rest_route=\/wp\/v2\/types\/post"}],"author":[{"embeddable":true,"href":"http:\/\/www.riittakeurulainen.fi\/index.php?rest_route=\/wp\/v2\/users\/1"}],"replies":[{"embeddable":true,"href":"http:\/\/www.riittakeurulainen.fi\/index.php?rest_route=%2Fwp%2Fv2%2Fcomments&post=73694"}],"version-history":[{"count":25,"href":"http:\/\/www.riittakeurulainen.fi\/index.php?rest_route=\/wp\/v2\/posts\/73694\/revisions"}],"predecessor-version":[{"id":82407,"href":"http:\/\/www.riittakeurulainen.fi\/index.php?rest_route=\/wp\/v2\/posts\/73694\/revisions\/82407"}],"wp:attachment":[{"href":"http:\/\/www.riittakeurulainen.fi\/index.php?rest_route=%2Fwp%2Fv2%2Fmedia&parent=73694"}],"wp:term":[{"taxonomy":"category","embeddable":true,"href":"http:\/\/www.riittakeurulainen.fi\/index.php?rest_route=%2Fwp%2Fv2%2Fcategories&post=73694"},{"taxonomy":"post_tag","embeddable":true,"href":"http:\/\/www.riittakeurulainen.fi\/index.php?rest_route=%2Fwp%2Fv2%2Ftags&post=73694"}],"curies":[{"name":"wp","href":"https:\/\/api.w.org\/{rel}","templated":true}]}}